{"id":9541,"date":"2015-06-27T09:00:06","date_gmt":"2015-06-27T12:00:06","guid":{"rendered":"https:\/\/greendrinksba.org\/?p=9541"},"modified":"2024-05-30T22:17:26","modified_gmt":"2024-05-31T01:17:26","slug":"cuando-defender-el-medioambiente-cuesta-la-vida","status":"publish","type":"post","link":"https:\/\/greendrinksba.org\/es\/cuando-defender-el-medioambiente-cuesta-la-vida\/","title":{"rendered":"Cuando defender el medio ambiente cuesta la vida"},"content":{"rendered":"<h3>REVISTA ECOMANIA #24 &#8211; Activismo medioambiental<\/h3>\n<p>Entre amenazas de muerte contra su propia familia y amigos, la hondure\u00f1a Berta C\u00e1ceres logr\u00f3 que una de las constructoras de represas m\u00e1s grande del mundo retirara su participaci\u00f3n en un proyecto hidroel\u00e9ctrico en el R\u00edo Gualcarque, sagrado para las comunidades ind\u00edgenas de su pa\u00eds y vital para su supervivencia.\u00a0 Su caso es especialmente representativo de la persecuci\u00f3n sistem\u00e1tica a la que se enfrentan los activistas hondure\u00f1os, lo que le vali\u00f3 uno de los reconocimientos ambientales m\u00e1s prestigiosos globalmente, el premio Goldman 2014.<\/p>\n<p>Otra historia de lucha pero con un final muy diferente fue la del brasilero Raimundo Rodrigues da Silva, quien recibi\u00f3 un disparo de escopeta que le cost\u00f3 la vida en el estado de Maranhao, en el noreste de su pa\u00eds. El l\u00edder campesino hab\u00eda impulsado una campa\u00f1a para conseguir la propiedad de la tierra para su comunidad local de Campestre, por lo que fue amenazado de muerte varias veces en los \u00faltimos a\u00f1os.<\/p>\n<p>Este \u00faltimo caso representa uno de los 116 asesinatos a activistas medioambientales registrados durante el 2014 por la ONG Global Witness, la cual investiga casos de corrupci\u00f3n y abusos en la explotaci\u00f3n de recursos naturales. En su \u00faltimo informe, \u00bfCu\u00e1ntos m\u00e1s?, la organizaci\u00f3n se\u00f1ala un aumento del 20% respecto a lo registrado en el a\u00f1o 2013. A la vez, remarca que un 40% de estas v\u00edctimas eran ind\u00edgenas y las principales causas de su muerte estuvieron relacionadas con la creaci\u00f3n de proyectos hidroel\u00e9ctricos, aunque las disputas por la tierra fueron el trasfondo de la mayor\u00eda de los episodios fatales.<\/p>\n<p>Centroam\u00e9rica y Sudam\u00e9rica representan una de las regiones donde la b\u00fasqueda de una mayor protecci\u00f3n clim\u00e1tica se topa frente a un n\u00famero de adversidades cada vez grande. Dentro de una lista de 17 pa\u00edses, Brasil lidera el ranking mundial de violencia ambiental con un n\u00famero de 28 fallecidos. Le sigue Colombia (25), Filipinas (15) y Honduras (12). Actualmente, este \u00faltimo es considerado el pa\u00eds m\u00e1s peligroso para ejercer el activismo medioambiental. \u201cTanto en Honduras como en el resto del mundo, hay defensores del medio ambiente que son asesinados a tiros a plena luz del d\u00eda, secuestrados, amenazados o juzgados por terrorismo debido por su oposici\u00f3n a lo que se conoce como desarrollo\u201d, as\u00ed lo se\u00f1al\u00f3 Billy Kyte, responsable de las campa\u00f1as de Global Witness, y a\u00f1adi\u00f3: \u201cLos verdaderos autores de estos cr\u00edmenes, una poderosa trama de intereses empresariales y gubernamentales, disfrutan de total impunidad. Se requiere acci\u00f3n inmediata para proteger a los ciudadanos y llevar a los responsables ante la justicia\u201d.<\/p>\n<p>Muy cerca a la conferencia que se celebrar\u00e1 en Par\u00eds para intentar alcanzar un acuerdo mundial sobre las emisiones de carbono, estos datos ponen de relieve una grave paradoja de las cumbres sobre el clima: las personas que est\u00e1n a la vanguardia de la lucha para proteger nuestro medio ambiente est\u00e1n muriendo asesinadas. Sin la acci\u00f3n de los gobiernos para revertir esta situaci\u00f3n, el texto que se acuerde ser\u00e1 en vano.<\/p>\n<p>En ese sentido, todo parece indicar que la lucha por defender el planeta cuesta la vida a los que menos tienen. La crisis que se oculta tras estas muertes no tiene la atenci\u00f3n p\u00fablica que se merece ya que, por un lado, no cuenta con suficiente supervisi\u00f3n y adem\u00e1s, los defensores medioambientales viven en comunidades remotas y pobres con acceso limitado a los medios de comunicaci\u00f3n.<\/p>\n<p>Hoy m\u00e1s que nunca, ellos son los principales activistas que necesitan protecci\u00f3n espec\u00edfica por la intensificaci\u00f3n del riesgo que plantea su labor. Con motivo a frenar este flagelo, Global Witness apela a los gobiernos y a la comunidad internacional para que supervisen, investiguen y castiguen estos cr\u00edmenes, y a Honduras para que aborde estos abusos en su pr\u00f3ximo examen de la situaci\u00f3n de los derechos humanos del Consejo de Derechos Humanos de la ONU.<\/p>\n<p><strong>Mir\u00e1 la revista ac\u00e1<\/strong><\/p>\n<div data-url=\"https:\/\/issuu.com\/ecomania\/docs\/ecomania_24-issue\" style=\"width: 800px; height: 550px;\" class=\"issuuembed\"><\/div>\n<p><script type=\"text\/javascript\" src=\"\/\/e.issuu.com\/embed.js\" async=\"true\"><\/script><\/p>\n","protected":false},"excerpt":{"rendered":"<p>REVISTA ECOMANIA #24 &#8211; Activismo medioambiental Entre amenazas de muerte contra su propia familia y amigos, la hondure\u00f1a Berta C\u00e1ceres logr\u00f3 que una de las constructoras de represas m\u00e1s grande del mundo retirara su participaci\u00f3n en un proyecto hidroel\u00e9ctrico en el R\u00edo Gualcarque, sagrado para las comunidades ind\u00edgenas de su pa\u00eds y vital para su [&hellip;]<\/p>\n","protected":false},"author":2,"featured_media":9542,"comment_status":"open","ping_status":"open","sticky":false,"template":"","format":"standard","meta":{"_acf_changed":false,"footnotes":""},"categories":[591,100],"tags":[268,269,30,112,9,11,36,46,14],"autor":[578],"class_list":["post-9541","post","type-post","status-publish","format-standard","has-post-thumbnail","hentry","category-591","category-prensa","tag-activismo","tag-activismo-ambiental","tag-carla-guglielmo","tag-ecomania","tag-green-drinks","tag-green-drinks-ba","tag-green-drinks-buenos-aires","tag-sostenibilidad","tag-sustentabilidad","autor-carla-guglielmo"],"acf":[],"yoast_head":"<!-- This site is optimized with the Yoast SEO plugin v27.5 - https:\/\/yoast.com\/product\/yoast-seo-wordpress\/ -->\n<title>Cuando defender el medio ambiente cuesta la vida - Green Drinks Buenos Aires<\/title>\n<meta name=\"robots\" content=\"index, follow, max-snippet:-1, max-image-preview:large, max-video-preview:-1\" \/>\n<link rel=\"canonical\" href=\"https:\/\/greendrinksba.org\/es\/cuando-defender-el-medioambiente-cuesta-la-vida\/\" \/>\n<meta property=\"og:locale\" content=\"es_ES\" \/>\n<meta property=\"og:type\" content=\"article\" \/>\n<meta property=\"og:title\" content=\"Cuando defender el medio ambiente cuesta la vida - Green Drinks Buenos Aires\" \/>\n<meta property=\"og:description\" content=\"REVISTA ECOMANIA #24 &#8211; Activismo medioambiental Entre amenazas de muerte contra su propia familia y amigos, la hondure\u00f1a Berta C\u00e1ceres logr\u00f3 que una de las constructoras de represas m\u00e1s grande del mundo retirara su participaci\u00f3n en un proyecto hidroel\u00e9ctrico en el R\u00edo Gualcarque, sagrado para las comunidades ind\u00edgenas de su pa\u00eds y vital para su [&hellip;]\" \/>\n<meta property=\"og:url\" content=\"https:\/\/greendrinksba.org\/es\/cuando-defender-el-medioambiente-cuesta-la-vida\/\" \/>\n<meta property=\"og:site_name\" content=\"Green Drinks Buenos Aires\" \/>\n<meta property=\"article:published_time\" content=\"2015-06-27T12:00:06+00:00\" \/>\n<meta property=\"article:modified_time\" content=\"2024-05-31T01:17:26+00:00\" \/>\n<meta property=\"og:image\" content=\"https:\/\/greendrinksba.org\/es\/wp-content\/uploads\/2020\/11\/Captura-de-Pantalla-2020-11-27-a-las-22.31.05.png\" \/>\n\t<meta property=\"og:image:width\" content=\"884\" \/>\n\t<meta property=\"og:image:height\" content=\"647\" \/>\n\t<meta property=\"og:image:type\" content=\"image\/png\" \/>\n<meta name=\"author\" content=\"c1920500\" \/>\n<meta name=\"twitter:card\" content=\"summary_large_image\" \/>\n<meta name=\"twitter:label1\" content=\"Escrito por\" \/>\n\t<meta name=\"twitter:data1\" content=\"c1920500\" \/>\n\t<meta name=\"twitter:label2\" content=\"Tiempo de lectura\" \/>\n\t<meta name=\"twitter:data2\" content=\"3 minutos\" \/>\n<script type=\"application\/ld+json\" class=\"yoast-schema-graph\">{\"@context\":\"https:\\\/\\\/schema.org\",\"@graph\":[{\"@type\":\"Article\",\"@id\":\"https:\\\/\\\/greendrinksba.org\\\/es\\\/cuando-defender-el-medioambiente-cuesta-la-vida\\\/#article\",\"isPartOf\":{\"@id\":\"https:\\\/\\\/greendrinksba.org\\\/es\\\/cuando-defender-el-medioambiente-cuesta-la-vida\\\/\"},\"author\":{\"name\":\"c1920500\",\"@id\":\"https:\\\/\\\/greendrinksba.org\\\/es\\\/#\\\/schema\\\/person\\\/77b167aed6d47cc2902c4385d28d16c4\"},\"headline\":\"Cuando defender el medio ambiente cuesta la vida\",\"datePublished\":\"2015-06-27T12:00:06+00:00\",\"dateModified\":\"2024-05-31T01:17:26+00:00\",\"mainEntityOfPage\":{\"@id\":\"https:\\\/\\\/greendrinksba.org\\\/es\\\/cuando-defender-el-medioambiente-cuesta-la-vida\\\/\"},\"wordCount\":703,\"commentCount\":0,\"publisher\":{\"@id\":\"https:\\\/\\\/greendrinksba.org\\\/es\\\/#organization\"},\"image\":{\"@id\":\"https:\\\/\\\/greendrinksba.org\\\/es\\\/cuando-defender-el-medioambiente-cuesta-la-vida\\\/#primaryimage\"},\"thumbnailUrl\":\"https:\\\/\\\/greendrinksba.org\\\/es\\\/wp-content\\\/uploads\\\/2020\\\/11\\\/Captura-de-Pantalla-2020-11-27-a-las-22.31.05.png\",\"keywords\":[\"Activismo\",\"Activismo Ambiental\",\"Carla Guglielmo\",\"Ecoman\u00eda\",\"Green Drinks\",\"Green Drinks BA\",\"Green Drinks Buenos Aires\",\"Sostenibilidad\",\"Sustentabilidad\"],\"articleSection\":[\"2015\",\"Prensa\"],\"inLanguage\":\"es\",\"potentialAction\":[{\"@type\":\"CommentAction\",\"name\":\"Comment\",\"target\":[\"https:\\\/\\\/greendrinksba.org\\\/es\\\/cuando-defender-el-medioambiente-cuesta-la-vida\\\/#respond\"]}]},{\"@type\":\"WebPage\",\"@id\":\"https:\\\/\\\/greendrinksba.org\\\/es\\\/cuando-defender-el-medioambiente-cuesta-la-vida\\\/\",\"url\":\"https:\\\/\\\/greendrinksba.org\\\/es\\\/cuando-defender-el-medioambiente-cuesta-la-vida\\\/\",\"name\":\"Cuando defender el medio ambiente cuesta la vida - Green Drinks Buenos Aires\",\"isPartOf\":{\"@id\":\"https:\\\/\\\/greendrinksba.org\\\/es\\\/#website\"},\"primaryImageOfPage\":{\"@id\":\"https:\\\/\\\/greendrinksba.org\\\/es\\\/cuando-defender-el-medioambiente-cuesta-la-vida\\\/#primaryimage\"},\"image\":{\"@id\":\"https:\\\/\\\/greendrinksba.org\\\/es\\\/cuando-defender-el-medioambiente-cuesta-la-vida\\\/#primaryimage\"},\"thumbnailUrl\":\"https:\\\/\\\/greendrinksba.org\\\/es\\\/wp-content\\\/uploads\\\/2020\\\/11\\\/Captura-de-Pantalla-2020-11-27-a-las-22.31.05.png\",\"datePublished\":\"2015-06-27T12:00:06+00:00\",\"dateModified\":\"2024-05-31T01:17:26+00:00\",\"breadcrumb\":{\"@id\":\"https:\\\/\\\/greendrinksba.org\\\/es\\\/cuando-defender-el-medioambiente-cuesta-la-vida\\\/#breadcrumb\"},\"inLanguage\":\"es\",\"potentialAction\":[{\"@type\":\"ReadAction\",\"target\":[\"https:\\\/\\\/greendrinksba.org\\\/es\\\/cuando-defender-el-medioambiente-cuesta-la-vida\\\/\"]}]},{\"@type\":\"ImageObject\",\"inLanguage\":\"es\",\"@id\":\"https:\\\/\\\/greendrinksba.org\\\/es\\\/cuando-defender-el-medioambiente-cuesta-la-vida\\\/#primaryimage\",\"url\":\"https:\\\/\\\/greendrinksba.org\\\/es\\\/wp-content\\\/uploads\\\/2020\\\/11\\\/Captura-de-Pantalla-2020-11-27-a-las-22.31.05.png\",\"contentUrl\":\"https:\\\/\\\/greendrinksba.org\\\/es\\\/wp-content\\\/uploads\\\/2020\\\/11\\\/Captura-de-Pantalla-2020-11-27-a-las-22.31.05.png\",\"width\":884,\"height\":647},{\"@type\":\"BreadcrumbList\",\"@id\":\"https:\\\/\\\/greendrinksba.org\\\/es\\\/cuando-defender-el-medioambiente-cuesta-la-vida\\\/#breadcrumb\",\"itemListElement\":[{\"@type\":\"ListItem\",\"position\":1,\"name\":\"Portada\",\"item\":\"https:\\\/\\\/greendrinksba.org\\\/es\\\/\"},{\"@type\":\"ListItem\",\"position\":2,\"name\":\"Cuando defender el medio ambiente cuesta la vida\"}]},{\"@type\":\"WebSite\",\"@id\":\"https:\\\/\\\/greendrinksba.org\\\/es\\\/#website\",\"url\":\"https:\\\/\\\/greendrinksba.org\\\/es\\\/\",\"name\":\"Green Drinks Buenos Aires\",\"description\":\"Conectamos la sustentabilidad\",\"publisher\":{\"@id\":\"https:\\\/\\\/greendrinksba.org\\\/es\\\/#organization\"},\"potentialAction\":[{\"@type\":\"SearchAction\",\"target\":{\"@type\":\"EntryPoint\",\"urlTemplate\":\"https:\\\/\\\/greendrinksba.org\\\/es\\\/?s={search_term_string}\"},\"query-input\":{\"@type\":\"PropertyValueSpecification\",\"valueRequired\":true,\"valueName\":\"search_term_string\"}}],\"inLanguage\":\"es\"},{\"@type\":\"Organization\",\"@id\":\"https:\\\/\\\/greendrinksba.org\\\/es\\\/#organization\",\"name\":\"Green Drinks Buenos Aires\",\"url\":\"https:\\\/\\\/greendrinksba.org\\\/es\\\/\",\"logo\":{\"@type\":\"ImageObject\",\"inLanguage\":\"es\",\"@id\":\"https:\\\/\\\/greendrinksba.org\\\/es\\\/#\\\/schema\\\/logo\\\/image\\\/\",\"url\":\"https:\\\/\\\/greendrinksba.org\\\/es\\\/wp-content\\\/uploads\\\/2024\\\/04\\\/GD-logo.svg\",\"contentUrl\":\"https:\\\/\\\/greendrinksba.org\\\/es\\\/wp-content\\\/uploads\\\/2024\\\/04\\\/GD-logo.svg\",\"width\":482,\"height\":108,\"caption\":\"Green Drinks Buenos Aires\"},\"image\":{\"@id\":\"https:\\\/\\\/greendrinksba.org\\\/es\\\/#\\\/schema\\\/logo\\\/image\\\/\"}},{\"@type\":\"Person\",\"@id\":\"https:\\\/\\\/greendrinksba.org\\\/es\\\/#\\\/schema\\\/person\\\/77b167aed6d47cc2902c4385d28d16c4\",\"name\":\"c1920500\",\"image\":{\"@type\":\"ImageObject\",\"inLanguage\":\"es\",\"@id\":\"https:\\\/\\\/secure.gravatar.com\\\/avatar\\\/55710ea809f79bebafec455ff3c8cf1eb4352389f6127fc85c9f07511305e694?s=96&d=mm&r=g\",\"url\":\"https:\\\/\\\/secure.gravatar.com\\\/avatar\\\/55710ea809f79bebafec455ff3c8cf1eb4352389f6127fc85c9f07511305e694?s=96&d=mm&r=g\",\"contentUrl\":\"https:\\\/\\\/secure.gravatar.com\\\/avatar\\\/55710ea809f79bebafec455ff3c8cf1eb4352389f6127fc85c9f07511305e694?s=96&d=mm&r=g\",\"caption\":\"c1920500\"},\"url\":\"https:\\\/\\\/greendrinksba.org\\\/es\\\/author\\\/c1920500\\\/\"}]}<\/script>\n<!-- \/ Yoast SEO plugin. -->","yoast_head_json":{"title":"Cuando defender el medio ambiente cuesta la vida - Green Drinks Buenos Aires","robots":{"index":"index","follow":"follow","max-snippet":"max-snippet:-1","max-image-preview":"max-image-preview:large","max-video-preview":"max-video-preview:-1"},"canonical":"https:\/\/greendrinksba.org\/es\/cuando-defender-el-medioambiente-cuesta-la-vida\/","og_locale":"es_ES","og_type":"article","og_title":"Cuando defender el medio ambiente cuesta la vida - Green Drinks Buenos Aires","og_description":"REVISTA ECOMANIA #24 &#8211; Activismo medioambiental Entre amenazas de muerte contra su propia familia y amigos, la hondure\u00f1a Berta C\u00e1ceres logr\u00f3 que una de las constructoras de represas m\u00e1s grande del mundo retirara su participaci\u00f3n en un proyecto hidroel\u00e9ctrico en el R\u00edo Gualcarque, sagrado para las comunidades ind\u00edgenas de su pa\u00eds y vital para su [&hellip;]","og_url":"https:\/\/greendrinksba.org\/es\/cuando-defender-el-medioambiente-cuesta-la-vida\/","og_site_name":"Green Drinks Buenos Aires","article_published_time":"2015-06-27T12:00:06+00:00","article_modified_time":"2024-05-31T01:17:26+00:00","og_image":[{"width":884,"height":647,"url":"https:\/\/greendrinksba.org\/es\/wp-content\/uploads\/2020\/11\/Captura-de-Pantalla-2020-11-27-a-las-22.31.05.png","type":"image\/png"}],"author":"c1920500","twitter_card":"summary_large_image","twitter_misc":{"Escrito por":"c1920500","Tiempo de lectura":"3 minutos"},"schema":{"@context":"https:\/\/schema.org","@graph":[{"@type":"Article","@id":"https:\/\/greendrinksba.org\/es\/cuando-defender-el-medioambiente-cuesta-la-vida\/#article","isPartOf":{"@id":"https:\/\/greendrinksba.org\/es\/cuando-defender-el-medioambiente-cuesta-la-vida\/"},"author":{"name":"c1920500","@id":"https:\/\/greendrinksba.org\/es\/#\/schema\/person\/77b167aed6d47cc2902c4385d28d16c4"},"headline":"Cuando defender el medio ambiente cuesta la vida","datePublished":"2015-06-27T12:00:06+00:00","dateModified":"2024-05-31T01:17:26+00:00","mainEntityOfPage":{"@id":"https:\/\/greendrinksba.org\/es\/cuando-defender-el-medioambiente-cuesta-la-vida\/"},"wordCount":703,"commentCount":0,"publisher":{"@id":"https:\/\/greendrinksba.org\/es\/#organization"},"image":{"@id":"https:\/\/greendrinksba.org\/es\/cuando-defender-el-medioambiente-cuesta-la-vida\/#primaryimage"},"thumbnailUrl":"https:\/\/greendrinksba.org\/es\/wp-content\/uploads\/2020\/11\/Captura-de-Pantalla-2020-11-27-a-las-22.31.05.png","keywords":["Activismo","Activismo Ambiental","Carla Guglielmo","Ecoman\u00eda","Green Drinks","Green Drinks BA","Green Drinks Buenos Aires","Sostenibilidad","Sustentabilidad"],"articleSection":["2015","Prensa"],"inLanguage":"es","potentialAction":[{"@type":"CommentAction","name":"Comment","target":["https:\/\/greendrinksba.org\/es\/cuando-defender-el-medioambiente-cuesta-la-vida\/#respond"]}]},{"@type":"WebPage","@id":"https:\/\/greendrinksba.org\/es\/cuando-defender-el-medioambiente-cuesta-la-vida\/","url":"https:\/\/greendrinksba.org\/es\/cuando-defender-el-medioambiente-cuesta-la-vida\/","name":"Cuando defender el medio ambiente cuesta la vida - Green Drinks Buenos Aires","isPartOf":{"@id":"https:\/\/greendrinksba.org\/es\/#website"},"primaryImageOfPage":{"@id":"https:\/\/greendrinksba.org\/es\/cuando-defender-el-medioambiente-cuesta-la-vida\/#primaryimage"},"image":{"@id":"https:\/\/greendrinksba.org\/es\/cuando-defender-el-medioambiente-cuesta-la-vida\/#primaryimage"},"thumbnailUrl":"https:\/\/greendrinksba.org\/es\/wp-content\/uploads\/2020\/11\/Captura-de-Pantalla-2020-11-27-a-las-22.31.05.png","datePublished":"2015-06-27T12:00:06+00:00","dateModified":"2024-05-31T01:17:26+00:00","breadcrumb":{"@id":"https:\/\/greendrinksba.org\/es\/cuando-defender-el-medioambiente-cuesta-la-vida\/#breadcrumb"},"inLanguage":"es","potentialAction":[{"@type":"ReadAction","target":["https:\/\/greendrinksba.org\/es\/cuando-defender-el-medioambiente-cuesta-la-vida\/"]}]},{"@type":"ImageObject","inLanguage":"es","@id":"https:\/\/greendrinksba.org\/es\/cuando-defender-el-medioambiente-cuesta-la-vida\/#primaryimage","url":"https:\/\/greendrinksba.org\/es\/wp-content\/uploads\/2020\/11\/Captura-de-Pantalla-2020-11-27-a-las-22.31.05.png","contentUrl":"https:\/\/greendrinksba.org\/es\/wp-content\/uploads\/2020\/11\/Captura-de-Pantalla-2020-11-27-a-las-22.31.05.png","width":884,"height":647},{"@type":"BreadcrumbList","@id":"https:\/\/greendrinksba.org\/es\/cuando-defender-el-medioambiente-cuesta-la-vida\/#breadcrumb","itemListElement":[{"@type":"ListItem","position":1,"name":"Portada","item":"https:\/\/greendrinksba.org\/es\/"},{"@type":"ListItem","position":2,"name":"Cuando defender el medio ambiente cuesta la vida"}]},{"@type":"WebSite","@id":"https:\/\/greendrinksba.org\/es\/#website","url":"https:\/\/greendrinksba.org\/es\/","name":"Green Drinks Buenos Aires","description":"Conectamos la sustentabilidad","publisher":{"@id":"https:\/\/greendrinksba.org\/es\/#organization"},"potentialAction":[{"@type":"SearchAction","target":{"@type":"EntryPoint","urlTemplate":"https:\/\/greendrinksba.org\/es\/?s={search_term_string}"},"query-input":{"@type":"PropertyValueSpecification","valueRequired":true,"valueName":"search_term_string"}}],"inLanguage":"es"},{"@type":"Organization","@id":"https:\/\/greendrinksba.org\/es\/#organization","name":"Green Drinks Buenos Aires","url":"https:\/\/greendrinksba.org\/es\/","logo":{"@type":"ImageObject","inLanguage":"es","@id":"https:\/\/greendrinksba.org\/es\/#\/schema\/logo\/image\/","url":"https:\/\/greendrinksba.org\/es\/wp-content\/uploads\/2024\/04\/GD-logo.svg","contentUrl":"https:\/\/greendrinksba.org\/es\/wp-content\/uploads\/2024\/04\/GD-logo.svg","width":482,"height":108,"caption":"Green Drinks Buenos Aires"},"image":{"@id":"https:\/\/greendrinksba.org\/es\/#\/schema\/logo\/image\/"}},{"@type":"Person","@id":"https:\/\/greendrinksba.org\/es\/#\/schema\/person\/77b167aed6d47cc2902c4385d28d16c4","name":"c1920500","image":{"@type":"ImageObject","inLanguage":"es","@id":"https:\/\/secure.gravatar.com\/avatar\/55710ea809f79bebafec455ff3c8cf1eb4352389f6127fc85c9f07511305e694?s=96&d=mm&r=g","url":"https:\/\/secure.gravatar.com\/avatar\/55710ea809f79bebafec455ff3c8cf1eb4352389f6127fc85c9f07511305e694?s=96&d=mm&r=g","contentUrl":"https:\/\/secure.gravatar.com\/avatar\/55710ea809f79bebafec455ff3c8cf1eb4352389f6127fc85c9f07511305e694?s=96&d=mm&r=g","caption":"c1920500"},"url":"https:\/\/greendrinksba.org\/es\/author\/c1920500\/"}]}},"_links":{"self":[{"href":"https:\/\/greendrinksba.org\/es\/wp-json\/wp\/v2\/posts\/9541","targetHints":{"allow":["GET"]}}],"collection":[{"href":"https:\/\/greendrinksba.org\/es\/wp-json\/wp\/v2\/posts"}],"about":[{"href":"https:\/\/greendrinksba.org\/es\/wp-json\/wp\/v2\/types\/post"}],"author":[{"embeddable":true,"href":"https:\/\/greendrinksba.org\/es\/wp-json\/wp\/v2\/users\/2"}],"replies":[{"embeddable":true,"href":"https:\/\/greendrinksba.org\/es\/wp-json\/wp\/v2\/comments?post=9541"}],"version-history":[{"count":4,"href":"https:\/\/greendrinksba.org\/es\/wp-json\/wp\/v2\/posts\/9541\/revisions"}],"predecessor-version":[{"id":16508,"href":"https:\/\/greendrinksba.org\/es\/wp-json\/wp\/v2\/posts\/9541\/revisions\/16508"}],"wp:featuredmedia":[{"embeddable":true,"href":"https:\/\/greendrinksba.org\/es\/wp-json\/wp\/v2\/media\/9542"}],"wp:attachment":[{"href":"https:\/\/greendrinksba.org\/es\/wp-json\/wp\/v2\/media?parent=9541"}],"wp:term":[{"taxonomy":"category","embeddable":true,"href":"https:\/\/greendrinksba.org\/es\/wp-json\/wp\/v2\/categories?post=9541"},{"taxonomy":"post_tag","embeddable":true,"href":"https:\/\/greendrinksba.org\/es\/wp-json\/wp\/v2\/tags?post=9541"},{"taxonomy":"autor","embeddable":true,"href":"https:\/\/greendrinksba.org\/es\/wp-json\/wp\/v2\/autor?post=9541"}],"curies":[{"name":"wp","href":"https:\/\/api.w.org\/{rel}","templated":true}]}}